{"id":4432,"date":"2025-07-08T17:26:09","date_gmt":"2025-07-08T17:26:09","guid":{"rendered":"https:\/\/stylemagazine-berlin.com\/?p=4432"},"modified":"2025-07-08T17:29:00","modified_gmt":"2025-07-08T17:29:00","slug":"die-nackte-kanone","status":"publish","type":"post","link":"https:\/\/stylemagazine-berlin.com\/?p=4432","title":{"rendered":"Die Nackte Kanone"},"content":{"rendered":"\n<p>Nur ein einziger Mann verf\u00fcgt \u00fcber diese ganz besonderen F\u00e4higkeiten\u2026&nbsp;die&nbsp;Spezialeinheit der Polizei zu leiten und&nbsp;die&nbsp;Welt zu retten! In&nbsp;DIE&nbsp;NACKTE&nbsp;KANONE&nbsp;tritt Lt. Frank Drebin Jr. (Liam Neeson) in&nbsp;die&nbsp;Fu\u00dfstapfen seines Vaters. Regie f\u00fchrte Akiva Schaffer (Saturday Night Live, Popstar: Never Stop Never Stopping). Produzent ist Seth MacFarlane (Ted, Family Guy). Ebenfalls beim neuen Einsatz dabei sind Pamela Anderson, Paul Walter Hauser, CCH Pounder, Kevin Durand, Cody Rhodes, Liza Koshy, Eddie Yu und Danny Huston.<\/p>\n\n\n\n<figure class=\"wp-block-image size-large is-resized\"><img data-opt-id=1976851272  fetchpriority=\"high\" decoding=\"async\" width=\"1024\" height=\"1024\" src=\"https:\/\/mlzd7q5l8prb.i.optimole.com\/w:1024\/h:1024\/q:mauto\/f:best\/https:\/\/stylemagazine-berlin.com\/wp-content\/uploads\/2025\/07\/DNK_VVK_1x1_TICKETS_SICHERN_V2.jpg\" alt=\"\" class=\"wp-image-4436\" style=\"width:536px;height:auto\" srcset=\"https:\/\/mlzd7q5l8prb.i.optimole.com\/w:1024\/h:1024\/q:mauto\/f:best\/https:\/\/stylemagazine-berlin.com\/wp-content\/uploads\/2025\/07\/DNK_VVK_1x1_TICKETS_SICHERN_V2.jpg 1024w, https:\/\/mlzd7q5l8prb.i.optimole.com\/w:300\/h:300\/q:mauto\/f:best\/https:\/\/stylemagazine-berlin.com\/wp-content\/uploads\/2025\/07\/DNK_VVK_1x1_TICKETS_SICHERN_V2.jpg 300w, https:\/\/mlzd7q5l8prb.i.optimole.com\/w:150\/h:150\/q:mauto\/f:best\/https:\/\/stylemagazine-berlin.com\/wp-content\/uploads\/2025\/07\/DNK_VVK_1x1_TICKETS_SICHERN_V2.jpg 150w, https:\/\/mlzd7q5l8prb.i.optimole.com\/w:768\/h:768\/q:mauto\/f:best\/https:\/\/stylemagazine-berlin.com\/wp-content\/uploads\/2025\/07\/DNK_VVK_1x1_TICKETS_SICHERN_V2.jpg 768w, https:\/\/mlzd7q5l8prb.i.optimole.com\/w:640\/h:640\/q:mauto\/f:best\/https:\/\/stylemagazine-berlin.com\/wp-content\/uploads\/2025\/07\/DNK_VVK_1x1_TICKETS_SICHERN_V2.jpg 640w, https:\/\/mlzd7q5l8prb.i.optimole.com\/w:533\/h:533\/q:mauto\/f:best\/https:\/\/stylemagazine-berlin.com\/wp-content\/uploads\/2025\/07\/DNK_VVK_1x1_TICKETS_SICHERN_V2.jpg 533w, https:\/\/mlzd7q5l8prb.i.optimole.com\/w:864\/h:864\/q:mauto\/f:best\/https:\/\/stylemagazine-berlin.com\/wp-content\/uploads\/2025\/07\/DNK_VVK_1x1_TICKETS_SICHERN_V2.jpg 864w, https:\/\/mlzd7q5l8prb.i.optimole.com\/w:50\/h:50\/q:mauto\/f:best\/dpr:2\/https:\/\/stylemagazine-berlin.com\/wp-content\/uploads\/2025\/07\/DNK_VVK_1x1_TICKETS_SICHERN_V2.jpg 50w, https:\/\/mlzd7q5l8prb.i.optimole.com\/w:1080\/h:1080\/q:mauto\/f:best\/https:\/\/stylemagazine-berlin.com\/wp-content\/uploads\/2025\/07\/DNK_VVK_1x1_TICKETS_SICHERN_V2.jpg 1080w\" sizes=\"(max-width: 756px) 100vw, 756px\" \/><figcaption class=\"wp-element-caption\">\u00a9 2025 Paramount Pictures<\/figcaption><\/figure>\n\n\n\n<p>Der Film wurde von <strong>Fuzzy Door Productions<\/strong> produziert, als Produzent fungierten&nbsp;<a href=\"https:\/\/de.wikipedia.org\/wiki\/Seth_MacFarlane\">Seth MacFarlane<\/a>&nbsp;und&nbsp;<a href=\"https:\/\/de.wikipedia.org\/w\/index.php?title=Erica_Huggins&amp;action=edit&amp;redlink=1\">Erica Huggins<\/a>.&nbsp;Die Dreharbeiten fanden ab Mai 2024 in&nbsp;<a href=\"https:\/\/de.wikipedia.org\/wiki\/Atlanta\">Atlanta<\/a>&nbsp;im US-Bundesstaat&nbsp;<a href=\"https:\/\/de.wikipedia.org\/wiki\/Georgia\">Georgia<\/a>&nbsp;statt. Die Kamera f\u00fchrte&nbsp;<a href=\"https:\/\/de.wikipedia.org\/wiki\/Brandon_Trost\">Brandon Trost<\/a>, die Montage verantwortete&nbsp;<a href=\"https:\/\/de.wikipedia.org\/w\/index.php?title=Brian_Scott_Olds&amp;action=edit&amp;redlink=1\">Brian Scott Olds<\/a>&nbsp;und die Musik schrieb&nbsp;<a href=\"https:\/\/de.wikipedia.org\/wiki\/Joel_McNeely\">Joel McNeely<\/a>.<\/p>\n\n\n\n<p>Ein erster Trailer wurde Anfang April 2025 ver\u00f6ffentlicht.&nbsp;W\u00e4hrend in den fr\u00fcheren Filmen der 2010 verstorbene&nbsp;<a href=\"https:\/\/de.wikipedia.org\/wiki\/Leslie_Nielsen\">Leslie Nielsen<\/a>&nbsp;die Rolle des Lt. Frank Drebin \u00fcbernahm, verk\u00f6rperte in diesem Film&nbsp;<a href=\"https:\/\/de.wikipedia.org\/wiki\/Liam_Neeson\">Liam Neeson<\/a>&nbsp;dessen Sohn Lt. Frank Drebin junior.&nbsp;<a href=\"https:\/\/de.wikipedia.org\/wiki\/Paul_Walter_Hauser\">Paul Walter Hauser<\/a>&nbsp;spielte den Sohn von Capt. Ed Hocken, der in fr\u00fcheren Filmen vom 2016 verstorbenen&nbsp;<a href=\"https:\/\/de.wikipedia.org\/wiki\/George_Kennedy\">George Kennedy<\/a>&nbsp;dargestellt wurde.<\/p>\n\n\n\n<p>Die Entwicklung der Fortsetzung begann 2009, damals war noch ein Auftritt von Leslie Nielsen geplant. Nach dem Tod von Nielsen 2010 war urspr\u00fcnglich&nbsp;<a href=\"https:\/\/de.wikipedia.org\/wiki\/Ed_Helms\">Ed Helms<\/a>&nbsp;als Hauptdarsteller vorgesehen. Der Regisseur bzw. Produzent&nbsp;<a href=\"https:\/\/de.wikipedia.org\/wiki\/David_Zucker_(Regisseur)\">David Zucker<\/a>&nbsp;der ersten drei Teile sagte 2015 eine Mitwirkung ab, weil er davon ausging, dass der Comedystil der 80er-Jahre durch das Reboot nicht mehr getroffen werden k\u00f6nne.<\/p>\n\n\n\n<figure class=\"wp-block-embed is-type-video is-provider-youtube wp-block-embed-youtube wp-embed-aspect-16-9 wp-has-aspect-ratio\"><div class=\"wp-block-embed__wrapper\">\n<iframe title=\"DIE NACKTE KANONE | Offizieller Teaser Trailer deutsch (2025) -  Liam Neeson, Pamela Anderson\" width=\"756\" height=\"425\" src=\"https:\/\/www.youtube.com\/embed\/-eXa2FqtybQ?feature=oembed\" frameborder=\"0\" allow=\"accelerometer; autoplay; clipboard-write; encrypted-media; gyroscope; picture-in-picture; web-share\" referrerpolicy=\"strict-origin-when-cross-origin\" allowfullscreen><\/iframe>\n<\/div><figcaption class=\"wp-element-caption\">\u00a9 2025 Paramount Pictures<\/figcaption><\/figure>\n\n\n\n<p><\/p>\n\n\n\n<p>Paramount Pictures pr\u00e4sentiert<\/p>\n\n\n\n<p>In Zusammenarbeit mit Domain Entertainment<\/p>\n\n\n\n<p>Eine Fuzzy Door Produktion<\/p>\n\n\n\n<p>\u201cDIE&nbsp;NACKTE&nbsp;KANONE\u201d<\/p>\n\n\n\n<p><strong>Executive Producers<\/strong><\/p>\n\n\n\n<p><strong>Daniel M. Stillman, Akiva Schaffer, Pete Chiappetta,<\/strong><\/p>\n\n\n\n<p><strong>Anthony Tittanegro, Andrew Lary<\/strong><\/p>\n\n\n\n<p><strong>Produziert von<\/strong><\/p>\n\n\n\n<p>Seth MacFarlane, p.g.a., Erica Huggins, p.g.a.<\/p>\n\n\n\n<p><strong>Drehbuch<\/strong><\/p>\n\n\n\n<p>Dan Gregor &amp; Doug Mand &amp; Akiva Schaffer<\/p>\n\n\n\n<p><strong>Regie<\/strong><\/p>\n\n\n\n<p>Akiva Schaffer<\/p>\n\n\n\n<p><strong>Besetzung<\/strong><\/p>\n\n\n\n<p>Liam Neeson, Pamela Anderson, Paul Walter Hauser, CCH Pounder, Kevin Durand, Cody Rhodes, Liza Koshy, Eddie Yu und Danny Huston<\/p>\n\n\n\n<p><strong>Ab 31. Juli 2025 NUR im Kino!<\/strong><\/p>\n\n\n\n<p><strong>Im Verleih von Sony Pictures Entertainment Deutschland<\/strong><\/p>\n\n\n\n<p><strong><strong><em>*WARNING* STRICTLY NO FAN WEBSITE \/ NO BLOG \/ NO FACEBOOK \/ NO INSTAGRAM \/ NO SOCIAL WEB USE! ALL RIGHTS RESERVED!<\/em> \u00a9Stylemagazine-Berlin<\/strong><\/strong><\/p>\n\n\n\n<p>\u00a9 2025 Paramount Pictures<\/p>\n","protected":false},"excerpt":{"rendered":"<p>Nur ein einziger Mann verf\u00fcgt \u00fcber diese ganz besonderen F\u00e4higkeiten\u2026&nbsp;die&nbsp;Spezialeinheit der Polizei zu leiten und&nbsp;die&nbsp;Welt zu retten! In&nbsp;DIE&nbsp;NACKTE&nbsp;KANONE&nbsp;tritt Lt. Frank Drebin Jr. (Liam Neeson) in&nbsp;die&nbsp;Fu\u00dfstapfen seines Vaters. Regie f\u00fchrte Akiva Schaffer (Saturday Night Live, Popstar: Never Stop Never Stopping). Produzent ist Seth MacFarlane (Ted, Family &hellip; <a href=\"https:\/\/stylemagazine-berlin.com\/?p=4432\" class=\"more-link\"><span>Continue reading<span class=\"screen-reader-text\">Die Nackte Kanone<\/span><\/span><\/a><\/p>\n","protected":false},"author":1,"featured_media":4433,"comment_status":"closed","ping_status":"open","sticky":false,"template":"","format":"standard","meta":{"rop_custom_images_group":[],"rop_custom_messages_group":[],"rop_publish_now":"initial","rop_publish_now_accounts":[],"rop_publish_now_history":[],"rop_publish_now_status":"pending","_themeisle_gutenberg_block_has_review":false,"footnotes":""},"categories":[33],"tags":[8,1356,1351,1350,1357,1355,1354,1352,1183,1353,3],"class_list":["post-4432","post","type-post","status-publish","format-standard","has-post-thumbnail","hentry","category-film","tag-berlin","tag-cch-pounder","tag-cody-rhodes","tag-die-nackte-kanone","tag-eddie-yu-und-danny-huston","tag-kevin-durand","tag-liam-neeson","tag-liza-koshy","tag-pamela-anderson","tag-paul-walter-hauser","tag-premiere"],"_links":{"self":[{"href":"https:\/\/stylemagazine-berlin.com\/index.php?rest_route=\/wp\/v2\/posts\/4432","targetHints":{"allow":["GET"]}}],"collection":[{"href":"https:\/\/stylemagazine-berlin.com\/index.php?rest_route=\/wp\/v2\/posts"}],"about":[{"href":"https:\/\/stylemagazine-berlin.com\/index.php?rest_route=\/wp\/v2\/types\/post"}],"author":[{"embeddable":true,"href":"https:\/\/stylemagazine-berlin.com\/index.php?rest_route=\/wp\/v2\/users\/1"}],"replies":[{"embeddable":true,"href":"https:\/\/stylemagazine-berlin.com\/index.php?rest_route=%2Fwp%2Fv2%2Fcomments&post=4432"}],"version-history":[{"count":6,"href":"https:\/\/stylemagazine-berlin.com\/index.php?rest_route=\/wp\/v2\/posts\/4432\/revisions"}],"predecessor-version":[{"id":4440,"href":"https:\/\/stylemagazine-berlin.com\/index.php?rest_route=\/wp\/v2\/posts\/4432\/revisions\/4440"}],"wp:featuredmedia":[{"embeddable":true,"href":"https:\/\/stylemagazine-berlin.com\/index.php?rest_route=\/wp\/v2\/media\/4433"}],"wp:attachment":[{"href":"https:\/\/stylemagazine-berlin.com\/index.php?rest_route=%2Fwp%2Fv2%2Fmedia&parent=4432"}],"wp:term":[{"taxonomy":"category","embeddable":true,"href":"https:\/\/stylemagazine-berlin.com\/index.php?rest_route=%2Fwp%2Fv2%2Fcategories&post=4432"},{"taxonomy":"post_tag","embeddable":true,"href":"https:\/\/stylemagazine-berlin.com\/index.php?rest_route=%2Fwp%2Fv2%2Ftags&post=4432"}],"curies":[{"name":"wp","href":"https:\/\/api.w.org\/{rel}","templated":true}]}}