{"id":3068,"date":"2025-01-26T16:26:45","date_gmt":"2025-01-26T16:26:45","guid":{"rendered":"https:\/\/stylemagazine-berlin.com\/?p=3068"},"modified":"2025-02-08T12:05:21","modified_gmt":"2025-02-08T12:05:21","slug":"das-kanu-des-manitu","status":"publish","type":"post","link":"https:\/\/stylemagazine-berlin.com\/?p=3068","title":{"rendered":"DAS KANU DES MANITU"},"content":{"rendered":"\n<h1 class=\"wp-block-heading\">Demn\u00e4chst im Wilden Westen! Die neue Kom\u00f6die von Bully \u2013 DAS KANU DES MANITU<\/h1>\n\n\n\n<p><\/p>\n\n\n\n<p>23 Jahre, nachdem DER SCHUH DES MANITU Kinogeschichte geschrieben hat und zu einem der erfolgreichsten deutschen Filme aller Zeiten wurde, hat Michael Bully Herbig den Regiestuhl wieder ausgegraben! Constantin Film bringt die lang ersehnte Fortsetzung<\/p>\n\n\n\n<p><strong> DAS KANU DES MANITU <\/strong>am 14. August 2025 ins Kino.<\/p>\n\n\n\n<p><\/p>\n\n\n\n<figure class=\"wp-block-image\"><img data-opt-id=532379886  fetchpriority=\"high\" decoding=\"async\" src=\"https:\/\/ci3.googleusercontent.com\/meips\/ADKq_NYFxUU-Vm3Tbsg9jPazFV85TluttaWE7dwPnCnjvViLuWHPxlW2N4-9ErfxSMJspfxXmE-nIzDVLHn0yT42m5De9g7uSChYXvfNbNVqesE7WHv4kISG-B4jHifZ5bbBtEBtc3Hbx8MEXOYuzp72A4S5l-sNBqEJQXint41WfAb0LmcRutYKb-KQGVVvU2Qu6-emvZYd_KJ608ld4puBH6tP_A4Vfp2BSxmGCqio5_5KvbQpvZDBsORsPtGss8t3pFA16hzuKAKwVWCoTUNVGy98yuJBS0_MYHu4dKeM8qF7ZXUIze4ATUp7xd_H67vmKUu5NhDcgIWcWwXguqivCGfX0ZmugA2NJ81sUZclnK84hOrDMthHPHN_XwgqfbnyHklmDmOWQkNSgDGP5FwH8ZGxTeJkoIS8U8GAx_8kiyysOaLqLnDghNBtzwaJnDnibHFBQPMJaQQHZkE_msH6_SFJoHuJRD76SM8FyQogZXM0wusKTLD1zB00qDRUdRzw1L1YeBUUtwgZmgwlXQl5GcADZiVsBGLhspkccC9vLXnJc8WSUiIeAyR-8rJHUQH80E9XxEtO3NipJ7snucMWjVUInZQzaR1vXug7S_pa5kYosN-FThyAMQrxAz34jCw=s0-d-e1-ft#https:\/\/dhabjeh.r.tsp1-brevo.net\/im\/3701947\/a437fc0a1283c8db7234cc3da98da0e3661a9992bc8341c9229530901d041a37.jpg?e=hYlCVuS8opPi76jL5h81VUQVXyN0z09xO7tIwzAcASKoOvtUiTcSUnPpUxna7l0eXlQQ4flbYnOEoCWxl2VzmmatlkcozILqijKhR-0XEOw69_0NjIwv9dc2IdCKrztAvQ6aZAixLO0WEvmhrqg8zgwDxKwJrpAJL9LxigM8_zeMJyA56qNcVRXX9cQ6bG2eksRw83UKgdwhFMF6KFjldTFJuX7wls6LXM_MtBdATemxlvEFvmlagUzX9Q5pvQ9xQNAYKjFyoTsIoxq1B34FXhlFqOvecnZKZh7D5tWtDk96t00a9NsU9VEn4quaa0Wn-C_3Ya269OBmWI_ZKpTk\" alt=\"\"\/><figcaption class=\"wp-element-caption\">&nbsp;(<strong>Jasmin Schwiers<\/strong> und<strong> Rick Kavanian<\/strong> \u00a9 herbX film\/Luis Zeno Kuhn)<\/figcaption><\/figure>\n\n\n\n<p>Inhalt: Abahachi, der H\u00e4uptling der Apachen (Michael Bully Herbig), und sein wei\u00dfer Blutsbruder Ranger (Christian Tramitz) k\u00e4mpfen unerm\u00fcdlich f\u00fcr Frieden und Gerechtigkeit \u2013 doch eine neue, aufstrebende Bande macht ihnen das Leben besonders schwer! Sie locken Abahachi und Ranger in eine Falle, um an das sagenumwobene \u201eKanu des Manitu\u201c zu gelangen. Erst in letzter Sekunde k\u00f6nnen sie von ihrem treuen Weggef\u00e4hrten, dem liebenswerten Griechen Dimitri (Rick Kavanian), und seiner neuen Fachkraft Mary (Jasmin Schwiers) gerettet werden. Doch wie sich herausstellt, war das alles Teil eines gro\u00dfen Plans und auch erst der Anfang. Mit vereinten Kr\u00e4ften (und allerlei Meinungsverschiedenheiten und Missverst\u00e4ndnissen) st\u00fcrzen sich die Helden in ihr gr\u00f6\u00dftes Abenteuer \u2013 und finden \u00fcberraschende Antworten auf die allerwichtigsten Fragen des Lebens!<\/p>\n\n\n\n<figure class=\"wp-block-image\"><img data-opt-id=168362338  fetchpriority=\"high\" decoding=\"async\" src=\"https:\/\/ci3.googleusercontent.com\/meips\/ADKq_NZZnJeNSzVI_6SltbKa0l--i-t1JUusZtUHFRcGJIiLCR9pUnM6Cpv-EA-jjB0bUYZIevBvSDrsBhuPWBruSoPPcGY9TRjDm1p9H0AE27JVKaI5tWSlRA-0wL2gzNKMaWrSVpDX8Q_PAjAEZ7ahL_A8n1bbrR-IRrbjrpHrI42V9ijkclwPL8YI5f86CGp31M0lnJO82Qx6LEwQZrVJvCi1hTZzMe94uqSlPqcLgYCF9c46Ir_nRFMfqdrByYaYo7TPiV1v5IKvVXD3G0AZnbJaJYA-IrY0-vNkkqPoO9ZLc_BnJQBfn6j4yjDCViPnv2jtq0HST_uSkOVV1x_HuOavMqmWHYgv6nAuiAd6hosldNCxWNsbLO-shHWcD8TBEuUmH5NLIpmkXJy5amgF26-rZVqRh4CymjK-yO4se6j2w1waVEoZrudW4U0EsKt2u1iygc5pLgbX2mLlpFXBsMSaLOXbJn_TmDWHpc0A5D0szUZO6xZd48eay-xrxKk8XvXKE7X0hNirqVkn_jUqiYyDYiHUJzLHktBVw_Z47qmZAMRIV-32p3m0BjJn9jPbt5AzZyj02DGo76anO0pbkg_Aaut1BStavw2FC3hCQ3IHZi0enWXid00LNYSbMnE=s0-d-e1-ft#https:\/\/dhabjeh.r.tsp1-brevo.net\/im\/3701947\/29ac28b86986a36be7175d19160fde0bf7d78728c9e56ba935792e742a8a7252.jpg?e=KL92CNVjTeWadaVJI0PRfRuMkhJiBdSclxvrBMv5zWoEbydyy7Qtzks-ZzKSNXLBc_jF0Pc1mU0-c1ZW3p_W6ZZftvW8iVDZbFst68FJmkpCBWzZGXriPbKo9fQfrJhWVtMd6ZzE9MkYX2N-lPJr75T01TDmiPQS0aDTzcUJZBtWylZ19QFKkbrJZEUWJzcWkFPtchZ9y3IZc0UWJwJI0vS0xoEAarnKhIKGwWfqJ8YKPimStK4jj9f5RjqtowlvOLLhgkw4n8xbOxo1wiqUkvhyaSoZrJvus1VsYUGK2iW1jn6nFpIn_2vRO9ec32GAtBERfZnMQ8yKSXPeOrwx\" alt=\"\"\/><figcaption class=\"wp-element-caption\">(v.l.n.r.: <strong>Merlin Sandmeyer, Pit Bukowski, Tobias van Dieken, Daniel Zillmann, Jessica Schwarz, Akeem van Flodrop, Tutty Tran <\/strong>\u2013 \u00a9 herbX film\/Luis Zeno Kuhn)<\/figcaption><\/figure>\n\n\n\n<p>Neben Jessica Schwarz und Friedrich M\u00fccke, darf sich die gro\u00dfe Fangemeinde auch auf ein Wiedersehen mit Sky du Mont freuen! Der illustre Cast wird komplettiert durch Daniel Zillmann, Tutty Tran, Tobias van Dieken, Pit Bukowski, Akeem van Flodrop und Merlin Sandmeyer.<\/p>\n\n\n\n<p><strong>DAS KANU DES MANITU<\/strong> ist eine Produktion der <strong>herbX film<\/strong> in Co-Produktion mit Constantin Film und mit Unterst\u00fctzung von RTL, FFF, FFA und DFFF. Die Dreharbeiten fanden in M\u00fcnchen und an beeindruckenden Motiven in Spanien und USA statt.<\/p>\n\n\n\n<p><strong>Kinostart: 14. August 2025 im Verleih der Constantin Film<\/strong><\/p>\n\n\n\n<p>Besetzung<strong>: Michael Bully Herbig, Christian Tramitz, Rick Kavanian, Jasmin Schwiers, Jessica Schwarz, Friedrich M\u00fccke, Daniel Zillmann, Tutty Tran, Tobias van Dieken, Pit Bukowski, Akeem van Flodrop, Merlin Sandmeyer und Sky du Mont.<\/strong><\/p>\n\n\n\n<p>Regie:&nbsp;<strong>Michael Bully Herbig<\/strong><br>Drehbuch:<strong>&nbsp;Michael Bully Herbig, Christian Tramitz, Rick Kavanian<\/strong><br>Produzent:&nbsp;<strong>Michael Bully Herbig<\/strong><\/p>\n\n\n\n<p><\/p>\n\n\n\n<p><strong>\u00a9Stylemagazine-Berlin<\/strong> <strong>Founder Lydia Ritter<\/strong> \/ <strong>CEO Sven Wernicke<\/strong><\/p>\n\n\n\n<p><strong>\u00a9 Constantin Film<\/strong><\/p>\n\n\n\n<p><strong><em>*WARNING* STRICTLY NO FAN WEBSITE \/ NO BLOG \/ NO FACEBOOK \/ NO INSTAGRAM \/ NO SOCIAL WEB USE! ALL RIGHTS RESERVED!<\/em> \u00a9Stylemagazine-Berlin<\/strong><\/p>\n","protected":false},"excerpt":{"rendered":"<p>Demn\u00e4chst im Wilden Westen! Die neue Kom\u00f6die von Bully \u2013 DAS KANU DES MANITU 23 Jahre, nachdem DER SCHUH DES MANITU Kinogeschichte geschrieben hat und zu einem der erfolgreichsten deutschen Filme aller Zeiten wurde, hat Michael Bully Herbig den Regiestuhl wieder ausgegraben! Constantin Film bringt &hellip; <a href=\"https:\/\/stylemagazine-berlin.com\/?p=3068\" class=\"more-link\"><span>Continue reading<span class=\"screen-reader-text\">DAS KANU DES MANITU<\/span><\/span><\/a><\/p>\n","protected":false},"author":1,"featured_media":3074,"comment_status":"closed","ping_status":"open","sticky":false,"template":"","format":"standard","meta":{"rop_custom_images_group":[],"rop_custom_messages_group":[],"rop_publish_now":"initial","rop_publish_now_accounts":[],"rop_publish_now_history":[],"rop_publish_now_status":"pending","_themeisle_gutenberg_block_has_review":false,"footnotes":""},"categories":[33],"tags":[1071,8,1062,331,1068,1063,1012,1073,1064,1069,1070,1061,1067,1065,1074,1066,1072],"class_list":["post-3068","post","type-post","status-publish","format-standard","has-post-thumbnail","hentry","category-film","tag-akeem-van-flodrop","tag-berlin","tag-christian-tramitz","tag-constantin-film","tag-daniel-zillmann","tag-das-kanu-des-manitu","tag-friedrich-muecke-2","tag-herbx-film","tag-jasmin-schwiers","tag-jessica-schwarz","tag-merlin-sandmeyer","tag-michael-bully-herbig","tag-pit-bukowski","tag-rick-kavanian","tag-sky-du-mont","tag-tobias-van-dieken","tag-tutty-tran"],"_links":{"self":[{"href":"https:\/\/stylemagazine-berlin.com\/index.php?rest_route=\/wp\/v2\/posts\/3068","targetHints":{"allow":["GET"]}}],"collection":[{"href":"https:\/\/stylemagazine-berlin.com\/index.php?rest_route=\/wp\/v2\/posts"}],"about":[{"href":"https:\/\/stylemagazine-berlin.com\/index.php?rest_route=\/wp\/v2\/types\/post"}],"author":[{"embeddable":true,"href":"https:\/\/stylemagazine-berlin.com\/index.php?rest_route=\/wp\/v2\/users\/1"}],"replies":[{"embeddable":true,"href":"https:\/\/stylemagazine-berlin.com\/index.php?rest_route=%2Fwp%2Fv2%2Fcomments&post=3068"}],"version-history":[{"count":10,"href":"https:\/\/stylemagazine-berlin.com\/index.php?rest_route=\/wp\/v2\/posts\/3068\/revisions"}],"predecessor-version":[{"id":3080,"href":"https:\/\/stylemagazine-berlin.com\/index.php?rest_route=\/wp\/v2\/posts\/3068\/revisions\/3080"}],"wp:featuredmedia":[{"embeddable":true,"href":"https:\/\/stylemagazine-berlin.com\/index.php?rest_route=\/wp\/v2\/media\/3074"}],"wp:attachment":[{"href":"https:\/\/stylemagazine-berlin.com\/index.php?rest_route=%2Fwp%2Fv2%2Fmedia&parent=3068"}],"wp:term":[{"taxonomy":"category","embeddable":true,"href":"https:\/\/stylemagazine-berlin.com\/index.php?rest_route=%2Fwp%2Fv2%2Fcategories&post=3068"},{"taxonomy":"post_tag","embeddable":true,"href":"https:\/\/stylemagazine-berlin.com\/index.php?rest_route=%2Fwp%2Fv2%2Ftags&post=3068"}],"curies":[{"name":"wp","href":"https:\/\/api.w.org\/{rel}","templated":true}]}}