{"id":2874,"date":"2025-01-05T14:33:33","date_gmt":"2025-01-05T14:33:33","guid":{"rendered":"https:\/\/stylemagazine-berlin.com\/?p=2874"},"modified":"2025-01-05T14:33:33","modified_gmt":"2025-01-05T14:33:33","slug":"ein-maedchen-namens-willow","status":"publish","type":"post","link":"https:\/\/stylemagazine-berlin.com\/?p=2874","title":{"rendered":"EIN M\u00c4DCHEN NAMENS WILLOW"},"content":{"rendered":"\n<p>NACH DER ZAUBERHAFT-MAGISCHEN BESTSELLERREIHE: EIN M\u00c4DCHEN NAMENS WILLOW \/ Ab 27. Februar 2025 im Kino!<\/p>\n\n\n\n<p><strong>M\u00fcnchen, 25. November 2024\u00a0<\/strong>\u2013 Ein magisches Abenteuer bricht an: Als Willow sich eines Tages tief in den geheimnisvollen Wald hineinwagt, den sie von ihrer Gro\u00dftante Alwina geerbt hat, ahnt sie nicht, was sie dort erf\u00e4hrt: Willow ist eine Hexe! Um jedoch ihre ganze Hexenkraft des Feuers zu entfachen, muss sie zun\u00e4chst drei weitere Junghexen ausfindig machen. Gelingt es Willow, die Elemente Feuer, Wasser, Luft und Erde zu vereinen?<\/p>\n\n\n\n<p><strong>Hier geht es zum Trailer:<\/strong><\/p>\n\n\n\n<figure class=\"wp-block-embed is-type-video is-provider-youtube wp-block-embed-youtube wp-embed-aspect-16-9 wp-has-aspect-ratio\"><div class=\"wp-block-embed__wrapper\">\n<iframe title=\"Ein M\u00e4dchen Namens Willow - Offizieller Trailer\" width=\"756\" height=\"425\" src=\"https:\/\/www.youtube.com\/embed\/OsvXKJ0RkOo?feature=oembed\" frameborder=\"0\" allow=\"accelerometer; autoplay; clipboard-write; encrypted-media; gyroscope; picture-in-picture; web-share\" referrerpolicy=\"strict-origin-when-cross-origin\" allowfullscreen><\/iframe>\n<\/div><\/figure>\n\n\n\n<p><\/p>\n\n\n\n<p>Inhalt: Was soll Willow denn mit einem Wald anfangen? Den hat sie n\u00e4mlich von ihrer Gro\u00dftante Alwina geerbt. Und nicht nur den \u2013 Alwina hat Willow auch noch ein kleines windschiefes H\u00e4uschen hinterlassen und vor allem: ihre Hexenkraft. Doch ob Willow dieses Erbe, mit allem was dazu geh\u00f6rt, wirklich annehmen m\u00f6chte? Und dann soll sie auch noch drei M\u00e4dchen finden, die die Gabe des Hexens ebenfalls in sich tragen und gemeinsam mit ihnen den Wald retten. Nur wo? Und vor allem, wie? Zum Gl\u00fcck ist Willow nicht allein, denn Rufus, der Fuchs, weicht nicht mehr von ihrer Seite.<br>\u00a0<br>Unter der Regie des renommierten Kinder- und Jugendfilmregisseurs<strong> Mike Marzuk<\/strong> (u.a. \u201eF\u00fcnf Freunde\u201c-Reihe) gehen die vier Hexenfreundinnen Willow, Valentina, Gretchen und Lotti, gespielt von <strong>Ava Petsch<\/strong> (\u201eOskars Kleid\u201c, \u201eWas man von hier aus sehen kann\u201c), Cora Trube (\u201eDie Liebesk\u00fcmmerer\u201c), Anna von Seld und Mary T\u00f6lle (\u201eVierw\u00e4ndeplus\u201c) auf ein magisches Abenteuer. Vor der Kamera von Matthias P\u00f6tsch (\u201eDamaged\u201c, \u201eAm Ende \u2013 Die Macht der Kr\u00e4nkung\u201c) stehen au\u00dferdem u.a. Golo Euler (\u201eWas man von hier aus sehen kann\u201c, \u201eUnsichtbarer Angreifer\u201c) alias Willows Vater Adam, Max Giermann (\u201eLOL\u201c, \u201eDie Chaosschwestern und Pinguin Paul\u201c) als Hexenmeister \u201eGrimmoor\u201c, Diana Amft (\u201eDer Junge muss an die frische Luft, \u201eDie Vampirschwestern\u201c-Reihe) in der Rolle der Gundula und Sibylle Canonica (\u201eSisi &amp; Ich\u201c, \u201eDer Pass\u201c) alias Willows Gro\u00dftante Alwina sowie in weiteren Rollen Melika Foroutan (\u201eDie Kaiserin\u201c, \u201eSchlafende Hunde\u201c) und Michael Ostrowski (\u201eEin Krimi aus Passau\u201c-Reihe, \u201eEberhofer\u201c-Reihe).<br>\u00a0<br>Romanautorin des SPIEGEL-Bestsellers (Thienemann-Esslinger Verlag) und Darstellerin Sabine Bohlmann, auf deren erfolgreicher Kinderbuchreihe der Film beruht, ist in einer Gastrolle zu sehen.<br>\u00a0<br>Das Kinoabenteuer, nach einem Drehbuch von Gesa Scheibner, wurde produziert von Ewa Karlstr\u00f6m, Andreas Ulmke-Smeaton und Bernd Schiller von SamFilm (\u201eDie Wilden Kerle\u201c, \u201eF\u00fcnf Freunde\u201c, \u201eOstwind\u201c) in Koproduktion mit Constantin Film und Alias Film. Die deutsch-\u00f6sterreichische Koproduktion EIN M\u00c4DCHEN NAMENS WILLOW wurde gef\u00f6rdert von \u00d6sterreichisches Filminstitut (\u00d6FI+), FilmFernsehFonds Bayern, Filmf\u00f6rderungsanstalt und Deutscher Filmf\u00f6rderfonds.<br>\u00a0<br><strong>Kinostart: 27. Februar 2025 im Verleih der Constantin Film<\/strong><br><strong>\u00a0<\/strong><br>Darsteller*innen<strong>: Ava Petsch, Cora Trube, Anna von Seld, Mary T\u00f6lle, Max Giermann, Golo Euler, Diana Amft, Melika Foroutan, Michael Ostrowski, Sibylle Canonica u. a.<\/strong><br>Drehbuch:\u00a0<strong>Gesa Scheibner<\/strong><br>Regie:\u00a0<strong>Mike Marzuk<\/strong><br>Basierend auf dem gleichnamigen Roman von:\u00a0<strong>Sabine Bohlmann<\/strong><br>Eine Produktion von:\u00a0<strong>SamFilm, in Koproduktion mit Constantin Film und Alias Film<\/strong><br>Produzent*innen:\u00a0<strong>Ewa Karlstr\u00f6m, Andreas Ulmke-Smeaton, Bernd Schiller<\/strong><\/p>\n\n\n\n<p>\u00a9Stylemagazine-Berlin <strong>CEO Sven Wernicke<\/strong> , <strong>Founder Lydia Ritter<\/strong> in Zusammenarbeit mit <strong>Constantin Film <\/strong>und <strong>AIM-PR<\/strong><\/p>\n\n\n\n<p><\/p>\n","protected":false},"excerpt":{"rendered":"<p>NACH DER ZAUBERHAFT-MAGISCHEN BESTSELLERREIHE: EIN M\u00c4DCHEN NAMENS WILLOW \/ Ab 27. Februar 2025 im Kino! M\u00fcnchen, 25. November 2024\u00a0\u2013 Ein magisches Abenteuer bricht an: Als Willow sich eines Tages tief in den geheimnisvollen Wald hineinwagt, den sie von ihrer Gro\u00dftante Alwina geerbt hat, ahnt sie &hellip; <a href=\"https:\/\/stylemagazine-berlin.com\/?p=2874\" class=\"more-link\"><span>Continue reading<span class=\"screen-reader-text\">EIN M\u00c4DCHEN NAMENS WILLOW<\/span><\/span><\/a><\/p>\n","protected":false},"author":1,"featured_media":2877,"comment_status":"closed","ping_status":"open","sticky":false,"template":"","format":"standard","meta":{"rop_custom_images_group":[],"rop_custom_messages_group":[],"rop_publish_now":"initial","rop_publish_now_accounts":[],"rop_publish_now_history":[],"rop_publish_now_status":"pending","_themeisle_gutenberg_block_has_review":false,"footnotes":""},"categories":[33],"tags":[721,951,943,940,952,945,942,938,950,949,944,946,941,947,948,939,953],"class_list":["post-2874","post","type-post","status-publish","format-standard","has-post-thumbnail","hentry","category-film","tag-aim-pr","tag-andreas-ulmke-smeaton","tag-anna-von-seld","tag-ava-petsch","tag-bernd-schiller","tag-cora-trube","tag-diana-amft","tag-ein-maedchen-namens-willow","tag-ewa-karlstroem","tag-gesa-scheibner","tag-golo-euler","tag-mary-toelle","tag-max-giermann","tag-melika-foroutan","tag-michael-ostrowski","tag-mike-marzuk","tag-onstantin-film"],"_links":{"self":[{"href":"https:\/\/stylemagazine-berlin.com\/index.php?rest_route=\/wp\/v2\/posts\/2874","targetHints":{"allow":["GET"]}}],"collection":[{"href":"https:\/\/stylemagazine-berlin.com\/index.php?rest_route=\/wp\/v2\/posts"}],"about":[{"href":"https:\/\/stylemagazine-berlin.com\/index.php?rest_route=\/wp\/v2\/types\/post"}],"author":[{"embeddable":true,"href":"https:\/\/stylemagazine-berlin.com\/index.php?rest_route=\/wp\/v2\/users\/1"}],"replies":[{"embeddable":true,"href":"https:\/\/stylemagazine-berlin.com\/index.php?rest_route=%2Fwp%2Fv2%2Fcomments&post=2874"}],"version-history":[{"count":2,"href":"https:\/\/stylemagazine-berlin.com\/index.php?rest_route=\/wp\/v2\/posts\/2874\/revisions"}],"predecessor-version":[{"id":2878,"href":"https:\/\/stylemagazine-berlin.com\/index.php?rest_route=\/wp\/v2\/posts\/2874\/revisions\/2878"}],"wp:featuredmedia":[{"embeddable":true,"href":"https:\/\/stylemagazine-berlin.com\/index.php?rest_route=\/wp\/v2\/media\/2877"}],"wp:attachment":[{"href":"https:\/\/stylemagazine-berlin.com\/index.php?rest_route=%2Fwp%2Fv2%2Fmedia&parent=2874"}],"wp:term":[{"taxonomy":"category","embeddable":true,"href":"https:\/\/stylemagazine-berlin.com\/index.php?rest_route=%2Fwp%2Fv2%2Fcategories&post=2874"},{"taxonomy":"post_tag","embeddable":true,"href":"https:\/\/stylemagazine-berlin.com\/index.php?rest_route=%2Fwp%2Fv2%2Ftags&post=2874"}],"curies":[{"name":"wp","href":"https:\/\/api.w.org\/{rel}","templated":true}]}}