{"id":1030,"date":"2023-10-23T12:02:00","date_gmt":"2023-10-23T12:02:00","guid":{"rendered":"https:\/\/stylemagazine-berlin.com\/?p=1030"},"modified":"2023-10-24T16:39:01","modified_gmt":"2023-10-24T16:39:01","slug":"sebastian-fitzek-die-therapie","status":"publish","type":"post","link":"https:\/\/stylemagazine-berlin.com\/?p=1030","title":{"rendered":"Sebastian Fitzek \u201eDie Therapie\u201c"},"content":{"rendered":"\n<p>Am heutigen Abend (23.10.23) pr\u00e4sentiert <strong>Amazon Prime <\/strong>seine neuste Serie von <strong>Sebastian Fitzek \u201eDie Therapie\u201c.<\/strong><\/p>\n\n\n\n<p>Zur Premiere vom neuesten Roman \u201eDie Therapie\u201c von <strong>Sebastian Fitzek <\/strong>erschiene nicht nur der Bestseller Autor selbst sondern auch der Cast der TV-Serie.<\/p>\n\n\n\n<figure class=\"wp-block-image size-large is-resized\"><img data-opt-id=321004465  fetchpriority=\"high\" decoding=\"async\" width=\"1024\" height=\"577\" src=\"https:\/\/mlzd7q5l8prb.i.optimole.com\/w:1024\/h:577\/q:mauto\/f:best\/https:\/\/stylemagazine-berlin.com\/wp-content\/uploads\/2023\/10\/STY03116.jpg\" alt=\"\" class=\"wp-image-1033\" style=\"aspect-ratio:1.7746967071057191;width:790px;height:auto\" srcset=\"https:\/\/mlzd7q5l8prb.i.optimole.com\/w:1024\/h:577\/q:mauto\/f:best\/https:\/\/stylemagazine-berlin.com\/wp-content\/uploads\/2023\/10\/STY03116-scaled.jpg 1024w, https:\/\/mlzd7q5l8prb.i.optimole.com\/w:300\/h:169\/q:mauto\/f:best\/https:\/\/stylemagazine-berlin.com\/wp-content\/uploads\/2023\/10\/STY03116-scaled.jpg 300w, https:\/\/mlzd7q5l8prb.i.optimole.com\/w:768\/h:432\/q:mauto\/f:best\/https:\/\/stylemagazine-berlin.com\/wp-content\/uploads\/2023\/10\/STY03116-scaled.jpg 768w, https:\/\/mlzd7q5l8prb.i.optimole.com\/w:1536\/h:865\/q:mauto\/f:best\/https:\/\/stylemagazine-berlin.com\/wp-content\/uploads\/2023\/10\/STY03116-scaled.jpg 1536w, https:\/\/mlzd7q5l8prb.i.optimole.com\/w:1918\/h:1080\/q:mauto\/f:best\/https:\/\/stylemagazine-berlin.com\/wp-content\/uploads\/2023\/10\/STY03116-scaled.jpg 2048w, https:\/\/mlzd7q5l8prb.i.optimole.com\/w:1920\/h:1080\/q:mauto\/f:best\/https:\/\/stylemagazine-berlin.com\/wp-content\/uploads\/2023\/10\/STY03116-scaled.jpg 1920w\" sizes=\"(max-width: 756px) 100vw, 756px\" \/><figcaption class=\"wp-element-caption\">\u00a9 Stylemagazine Trystan P\u00fctter, Helena Zengel, Sebastian Fitzek, Stephan Kampwirth, Emma Bading, Andrea Osvart<\/figcaption><\/figure>\n\n\n\n<p>In einem kurzen Interview erz\u00e4hlte Sebastian Fitzek wie er immer zu neuen Geschichtchen f\u00fcr seine B\u00fccher kommt. \u201eDie Geschichten entwickeln sich aus dem Alltag, dass Buch Die Therapie Endstand zum Beispiel aus einem Besuch beim Arzt im Wartezimmer.<\/p>\n\n\n\n<figure class=\"wp-block-image size-large is-resized\"><img data-opt-id=1124622299  fetchpriority=\"high\" decoding=\"async\" width=\"577\" height=\"1024\" src=\"https:\/\/mlzd7q5l8prb.i.optimole.com\/w:577\/h:1024\/q:mauto\/f:best\/https:\/\/stylemagazine-berlin.com\/wp-content\/uploads\/2023\/10\/STY03227-2.jpg\" alt=\"\" class=\"wp-image-1036\" style=\"aspect-ratio:0.5634765625;width:786px;height:auto\" srcset=\"https:\/\/mlzd7q5l8prb.i.optimole.com\/w:577\/h:1024\/q:mauto\/f:best\/https:\/\/stylemagazine-berlin.com\/wp-content\/uploads\/2023\/10\/STY03227-2-scaled.jpg 577w, https:\/\/mlzd7q5l8prb.i.optimole.com\/w:169\/h:300\/q:mauto\/f:best\/https:\/\/stylemagazine-berlin.com\/wp-content\/uploads\/2023\/10\/STY03227-2-scaled.jpg 169w, https:\/\/mlzd7q5l8prb.i.optimole.com\/w:608\/h:1080\/q:mauto\/f:best\/https:\/\/stylemagazine-berlin.com\/wp-content\/uploads\/2023\/10\/STY03227-2-scaled.jpg 768w, https:\/\/mlzd7q5l8prb.i.optimole.com\/w:608\/h:1080\/q:mauto\/f:best\/https:\/\/stylemagazine-berlin.com\/wp-content\/uploads\/2023\/10\/STY03227-2-scaled.jpg 865w, https:\/\/mlzd7q5l8prb.i.optimole.com\/w:608\/h:1080\/q:mauto\/f:best\/https:\/\/stylemagazine-berlin.com\/wp-content\/uploads\/2023\/10\/STY03227-2-scaled.jpg 1153w, https:\/\/mlzd7q5l8prb.i.optimole.com\/w:607\/h:1080\/q:mauto\/f:best\/https:\/\/stylemagazine-berlin.com\/wp-content\/uploads\/2023\/10\/STY03227-2-scaled.jpg 1441w\" sizes=\"(max-width: 577px) 100vw, 577px\" \/><figcaption class=\"wp-element-caption\">\u00a9 Stylemagazine Sebastian Fitzek<\/figcaption><\/figure>\n\n\n\n<p><strong>Sebastian Fitzeks Die Therapie<\/strong>&nbsp;ist eine deutsche&nbsp;<a href=\"https:\/\/de.wikipedia.org\/wiki\/Literaturverfilmung\">Literaturverfilmung<\/a>&nbsp;des Romans&nbsp;<a href=\"https:\/\/de.wikipedia.org\/wiki\/Die_Therapie_(Roman)\">Die Therapie<\/a>&nbsp;von&nbsp;<a href=\"https:\/\/de.wikipedia.org\/wiki\/Sebastian_Fitzek\">Sebastian Fitzek<\/a>. Die Serie wird am 26. Oktober 2023 auf&nbsp;<a href=\"https:\/\/de.wikipedia.org\/wiki\/Prime_Video\">Amazon Prime Video<\/a>&nbsp;ver\u00f6ffentlicht.<sup><a href=\"https:\/\/de.wikipedia.org\/wiki\/Die_Therapie_(Fernsehserie)#cite_note-1\">[1]<\/a><\/sup>&nbsp;Die Hauptrolle wird von&nbsp;<a href=\"https:\/\/de.wikipedia.org\/wiki\/Stephan_Kampwirth\">Stephan Kampwirth<\/a>&nbsp;gespielt.<\/p>\n\n\n\n<p><strong>Thriller- und Krimi-Papst Sebastian Fitzek auf Amazon Prime Video! Mit \u201eDie Therapie\u201c startet die erste von zahlreichen Verfilmungen bei dem Streamingdienst.<\/strong><\/p>\n\n\n\n<p>Wenn es um schr\u00e4ge Morde, d\u00fcstere F\u00e4lle und die Abgr\u00fcnde der menschlichen Psyche geht, ist Romanautor&nbsp;<a href=\"https:\/\/www.desired.de\/artikel\/sebastian-fitzeks-freundin-mit-welcher-frau-teilt-er-sein-leben--x669f6p3m3\">Sebastian Fitzek<\/a>&nbsp;nicht weit. Der Berliner Autor feiert mit&nbsp;<a href=\"https:\/\/www.kino.de\/artikel\/reihenfolge-der-sebastian-fitzek-buecher--83g4f4cw7x\" target=\"_blank\" rel=\"noreferrer noopener\">seinen B\u00fcchern<\/a>&nbsp;regelm\u00e4\u00dfig Bestseller-Erfolge und sorgt mit seinem hohen Output f\u00fcr st\u00e4ndigen Nachschub bei Fans und Krimifreunden. Mit seiner kommenden Ver\u00f6ffentlichung&nbsp;<a href=\"https:\/\/go.stroeermediabrands.de\/go.php?t=https%3A%2F%2Fwww.amazon.de%2FDie-Einladung-Psychothriller-Sebastian-Fitzek%2Fdp%2F3426281589&amp;s=https%3A%2F%2Fwww.desired.de%2Fartikel%2Fnach-dem-bestseller-von-sebastian-fitzek-die-therapie-kommt-als-serie-und-sorgt-fuer-schlaflose-naechte--v9m65f9v9h&amp;channel=website&amp;contentPieceId=3282828f-9633-4b42-9974-a5a784e1a0ef&amp;site=EBL&amp;deviceType=desktop&amp;affiliateOption=Text-link&amp;uuid=\" target=\"_blank\" rel=\"noreferrer noopener\">\u201eDie Einladung\u201c<\/a>&nbsp;steht schon die n\u00e4chste spannende&nbsp;<a href=\"https:\/\/www.desired.de\/lifestyle\/buecher\/buecher-die-man-gelesen-haben-sollte\/\">Lesezeit<\/a>&nbsp;ins Haus, doch auch auf anderen Kan\u00e4len d\u00fcrfen Fitzek-Anh\u00e4nger*innen in den kommenden Jahren einiges erwarten. Amazon verfilmt gleich mehrere Vorlagen, die in Serienform f\u00fcr episodenweise G\u00e4nsehaut sorgen werden. Den Beginn macht&nbsp;<a href=\"https:\/\/www.kino.de\/serie\/die-therapie-2023\/\" target=\"_blank\" rel=\"noreferrer noopener\">\u201eDie Therapie\u201c<\/a>, die am&nbsp;<strong>Donnerstag, dem 26. Oktober 2023<\/strong>&nbsp;startet, und dessen Vorlage 2006 das Deb\u00fct von Fitzek markierte.<\/p>\n\n\n\n<figure class=\"wp-block-gallery has-nested-images columns-default is-cropped wp-block-gallery-1 is-layout-flex wp-block-gallery-is-layout-flex\">\n<figure class=\"wp-block-image size-large\"><img data-opt-id=1813035138  fetchpriority=\"high\" decoding=\"async\" width=\"577\" height=\"1024\" data-id=\"1037\" src=\"https:\/\/mlzd7q5l8prb.i.optimole.com\/w:577\/h:1024\/q:mauto\/f:best\/https:\/\/stylemagazine-berlin.com\/wp-content\/uploads\/2023\/10\/STY03095.jpg\" alt=\"\" class=\"wp-image-1037\" srcset=\"https:\/\/mlzd7q5l8prb.i.optimole.com\/w:577\/h:1024\/q:mauto\/f:best\/https:\/\/stylemagazine-berlin.com\/wp-content\/uploads\/2023\/10\/STY03095-scaled.jpg 577w, https:\/\/mlzd7q5l8prb.i.optimole.com\/w:169\/h:300\/q:mauto\/f:best\/https:\/\/stylemagazine-berlin.com\/wp-content\/uploads\/2023\/10\/STY03095-scaled.jpg 169w, https:\/\/mlzd7q5l8prb.i.optimole.com\/w:608\/h:1080\/q:mauto\/f:best\/https:\/\/stylemagazine-berlin.com\/wp-content\/uploads\/2023\/10\/STY03095-scaled.jpg 768w, https:\/\/mlzd7q5l8prb.i.optimole.com\/w:608\/h:1080\/q:mauto\/f:best\/https:\/\/stylemagazine-berlin.com\/wp-content\/uploads\/2023\/10\/STY03095-scaled.jpg 865w, https:\/\/mlzd7q5l8prb.i.optimole.com\/w:608\/h:1080\/q:mauto\/f:best\/https:\/\/stylemagazine-berlin.com\/wp-content\/uploads\/2023\/10\/STY03095-scaled.jpg 1153w, https:\/\/mlzd7q5l8prb.i.optimole.com\/w:607\/h:1080\/q:mauto\/f:best\/https:\/\/stylemagazine-berlin.com\/wp-content\/uploads\/2023\/10\/STY03095-scaled.jpg 1441w\" sizes=\"(max-width: 577px) 100vw, 577px\" \/><figcaption class=\"wp-element-caption\">\u00a9 Stylemagazine Jochen Schropp<\/figcaption><\/figure>\n\n\n\n<figure class=\"wp-block-image size-large\"><img data-opt-id=1796657270  data-opt-src=\"https:\/\/mlzd7q5l8prb.i.optimole.com\/w:577\/h:1024\/q:mauto\/f:best\/https:\/\/stylemagazine-berlin.com\/wp-content\/uploads\/2023\/10\/STY03217.jpg\"  decoding=\"async\" width=\"577\" height=\"1024\" data-id=\"1041\" src=\"data:image/svg+xml,%3Csvg%20viewBox%3D%220%200%20577%201024%22%20width%3D%22577%22%20height%3D%221024%22%20xmlns%3D%22http%3A%2F%2Fwww.w3.org%2F2000%2Fsvg%22%3E%3Crect%20width%3D%22577%22%20height%3D%221024%22%20fill%3D%22transparent%22%2F%3E%3C%2Fsvg%3E\" alt=\"\" class=\"wp-image-1041\" old-srcset=\"https:\/\/mlzd7q5l8prb.i.optimole.com\/w:577\/h:1024\/q:mauto\/f:best\/https:\/\/stylemagazine-berlin.com\/wp-content\/uploads\/2023\/10\/STY03217-scaled.jpg 577w, https:\/\/mlzd7q5l8prb.i.optimole.com\/w:169\/h:300\/q:mauto\/f:best\/https:\/\/stylemagazine-berlin.com\/wp-content\/uploads\/2023\/10\/STY03217-scaled.jpg 169w, https:\/\/mlzd7q5l8prb.i.optimole.com\/w:608\/h:1080\/q:mauto\/f:best\/https:\/\/stylemagazine-berlin.com\/wp-content\/uploads\/2023\/10\/STY03217-scaled.jpg 768w, https:\/\/mlzd7q5l8prb.i.optimole.com\/w:608\/h:1080\/q:mauto\/f:best\/https:\/\/stylemagazine-berlin.com\/wp-content\/uploads\/2023\/10\/STY03217-scaled.jpg 865w, https:\/\/mlzd7q5l8prb.i.optimole.com\/w:608\/h:1080\/q:mauto\/f:best\/https:\/\/stylemagazine-berlin.com\/wp-content\/uploads\/2023\/10\/STY03217-scaled.jpg 1153w, https:\/\/mlzd7q5l8prb.i.optimole.com\/w:607\/h:1080\/q:mauto\/f:best\/https:\/\/stylemagazine-berlin.com\/wp-content\/uploads\/2023\/10\/STY03217-scaled.jpg 1441w\" \/><figcaption class=\"wp-element-caption\">\u00a9 Stylemagazine Trystan P\u00fctter<\/figcaption><\/figure>\n\n\n\n<figure class=\"wp-block-image size-large\"><img data-opt-id=390675372  data-opt-src=\"https:\/\/mlzd7q5l8prb.i.optimole.com\/w:577\/h:1024\/q:mauto\/f:best\/https:\/\/stylemagazine-berlin.com\/wp-content\/uploads\/2023\/10\/STY03185.jpg\"  decoding=\"async\" width=\"577\" height=\"1024\" data-id=\"1038\" src=\"data:image/svg+xml,%3Csvg%20viewBox%3D%220%200%20577%201024%22%20width%3D%22577%22%20height%3D%221024%22%20xmlns%3D%22http%3A%2F%2Fwww.w3.org%2F2000%2Fsvg%22%3E%3Crect%20width%3D%22577%22%20height%3D%221024%22%20fill%3D%22transparent%22%2F%3E%3C%2Fsvg%3E\" alt=\"\" class=\"wp-image-1038\" old-srcset=\"https:\/\/mlzd7q5l8prb.i.optimole.com\/w:577\/h:1024\/q:mauto\/f:best\/https:\/\/stylemagazine-berlin.com\/wp-content\/uploads\/2023\/10\/STY03185-scaled.jpg 577w, https:\/\/mlzd7q5l8prb.i.optimole.com\/w:169\/h:300\/q:mauto\/f:best\/https:\/\/stylemagazine-berlin.com\/wp-content\/uploads\/2023\/10\/STY03185-scaled.jpg 169w, https:\/\/mlzd7q5l8prb.i.optimole.com\/w:608\/h:1080\/q:mauto\/f:best\/https:\/\/stylemagazine-berlin.com\/wp-content\/uploads\/2023\/10\/STY03185-scaled.jpg 768w, https:\/\/mlzd7q5l8prb.i.optimole.com\/w:608\/h:1080\/q:mauto\/f:best\/https:\/\/stylemagazine-berlin.com\/wp-content\/uploads\/2023\/10\/STY03185-scaled.jpg 865w, https:\/\/mlzd7q5l8prb.i.optimole.com\/w:608\/h:1080\/q:mauto\/f:best\/https:\/\/stylemagazine-berlin.com\/wp-content\/uploads\/2023\/10\/STY03185-scaled.jpg 1153w, https:\/\/mlzd7q5l8prb.i.optimole.com\/w:607\/h:1080\/q:mauto\/f:best\/https:\/\/stylemagazine-berlin.com\/wp-content\/uploads\/2023\/10\/STY03185-scaled.jpg 1441w\" \/><figcaption class=\"wp-element-caption\">\u00a9 Stylemagazine Helena Zengel, Sebastian Fitzek, Stephan Kampwirth, Emma Bading <\/figcaption><\/figure>\n\n\n\n<figure class=\"wp-block-image size-large\"><img data-opt-id=1629201596  data-opt-src=\"https:\/\/mlzd7q5l8prb.i.optimole.com\/w:577\/h:1024\/q:mauto\/f:best\/https:\/\/stylemagazine-berlin.com\/wp-content\/uploads\/2023\/10\/STY03269.jpg\"  decoding=\"async\" width=\"577\" height=\"1024\" data-id=\"1040\" src=\"data:image/svg+xml,%3Csvg%20viewBox%3D%220%200%20577%201024%22%20width%3D%22577%22%20height%3D%221024%22%20xmlns%3D%22http%3A%2F%2Fwww.w3.org%2F2000%2Fsvg%22%3E%3Crect%20width%3D%22577%22%20height%3D%221024%22%20fill%3D%22transparent%22%2F%3E%3C%2Fsvg%3E\" alt=\"\" class=\"wp-image-1040\" old-srcset=\"https:\/\/mlzd7q5l8prb.i.optimole.com\/w:577\/h:1024\/q:mauto\/f:best\/https:\/\/stylemagazine-berlin.com\/wp-content\/uploads\/2023\/10\/STY03269-scaled.jpg 577w, https:\/\/mlzd7q5l8prb.i.optimole.com\/w:169\/h:300\/q:mauto\/f:best\/https:\/\/stylemagazine-berlin.com\/wp-content\/uploads\/2023\/10\/STY03269-scaled.jpg 169w, https:\/\/mlzd7q5l8prb.i.optimole.com\/w:608\/h:1080\/q:mauto\/f:best\/https:\/\/stylemagazine-berlin.com\/wp-content\/uploads\/2023\/10\/STY03269-scaled.jpg 768w, https:\/\/mlzd7q5l8prb.i.optimole.com\/w:608\/h:1080\/q:mauto\/f:best\/https:\/\/stylemagazine-berlin.com\/wp-content\/uploads\/2023\/10\/STY03269-scaled.jpg 865w, https:\/\/mlzd7q5l8prb.i.optimole.com\/w:608\/h:1080\/q:mauto\/f:best\/https:\/\/stylemagazine-berlin.com\/wp-content\/uploads\/2023\/10\/STY03269-scaled.jpg 1153w, https:\/\/mlzd7q5l8prb.i.optimole.com\/w:607\/h:1080\/q:mauto\/f:best\/https:\/\/stylemagazine-berlin.com\/wp-content\/uploads\/2023\/10\/STY03269-scaled.jpg 1441w\" \/><figcaption class=\"wp-element-caption\">\u00a9 Stylemagazine Bjarne M\u00e4del<\/figcaption><\/figure>\n\n\n\n<figure class=\"wp-block-image size-large\"><img data-opt-id=1991491474  data-opt-src=\"https:\/\/mlzd7q5l8prb.i.optimole.com\/w:577\/h:1024\/q:mauto\/f:best\/https:\/\/stylemagazine-berlin.com\/wp-content\/uploads\/2023\/10\/STY03308.jpg\"  decoding=\"async\" width=\"577\" height=\"1024\" data-id=\"1039\" src=\"data:image/svg+xml,%3Csvg%20viewBox%3D%220%200%20577%201024%22%20width%3D%22577%22%20height%3D%221024%22%20xmlns%3D%22http%3A%2F%2Fwww.w3.org%2F2000%2Fsvg%22%3E%3Crect%20width%3D%22577%22%20height%3D%221024%22%20fill%3D%22transparent%22%2F%3E%3C%2Fsvg%3E\" alt=\"\" class=\"wp-image-1039\" old-srcset=\"https:\/\/mlzd7q5l8prb.i.optimole.com\/w:577\/h:1024\/q:mauto\/f:best\/https:\/\/stylemagazine-berlin.com\/wp-content\/uploads\/2023\/10\/STY03308-scaled.jpg 577w, https:\/\/mlzd7q5l8prb.i.optimole.com\/w:169\/h:300\/q:mauto\/f:best\/https:\/\/stylemagazine-berlin.com\/wp-content\/uploads\/2023\/10\/STY03308-scaled.jpg 169w, https:\/\/mlzd7q5l8prb.i.optimole.com\/w:608\/h:1080\/q:mauto\/f:best\/https:\/\/stylemagazine-berlin.com\/wp-content\/uploads\/2023\/10\/STY03308-scaled.jpg 768w, https:\/\/mlzd7q5l8prb.i.optimole.com\/w:608\/h:1080\/q:mauto\/f:best\/https:\/\/stylemagazine-berlin.com\/wp-content\/uploads\/2023\/10\/STY03308-scaled.jpg 865w, https:\/\/mlzd7q5l8prb.i.optimole.com\/w:608\/h:1080\/q:mauto\/f:best\/https:\/\/stylemagazine-berlin.com\/wp-content\/uploads\/2023\/10\/STY03308-scaled.jpg 1153w, https:\/\/mlzd7q5l8prb.i.optimole.com\/w:607\/h:1080\/q:mauto\/f:best\/https:\/\/stylemagazine-berlin.com\/wp-content\/uploads\/2023\/10\/STY03308-scaled.jpg 1441w\" \/><figcaption class=\"wp-element-caption\">\u00a9 Stylemagazine Jana Craemer \/ Sebastian Fitzek<\/figcaption><\/figure>\n<\/figure>\n\n\n\n<p>Mit dem ersten Trailer liefert Amazon Prime Video einen kleinen Appetithappen. D\u00fcstere Tage und nebelverhangene Abende erhalten somit das passende Programm zum Schaudern:<\/p>\n\n\n\n<h2 class=\"wp-block-heading\"><strong>\u201eDie Therapie\u201c: Darum geht es<\/strong><\/h2>\n\n\n\n<p>Es ist die schlimmste Situation, die einem Elternteil passieren kann: Das eigene Kind verschwindet spurlos! Diesen Schrecken muss auch Psychiater Viktor (Stephan Kampwirth) durchleben. Als seine Tochter Josy (Helena Zengel) pl\u00f6tzlich vermisst wird, versucht er alles, um sie ausfindig zu machen, doch es fehlt jede Spur. In seiner Trauer wendet er sich der Zukunft zu und verarbeitet das Geschehene im Stillen. Zwei Jahre nach dem schrecklichen Vorfall taucht eine geheimnisvolle Frau (Emma Bading) vor seiner T\u00fcr auf, die unter Visionen und Wahnvorstellungen leidet. In den Beschreibungen der Patientin erkennt Viktor jedoch seine Tochter Josy und l\u00e4sst sich auf die ungew\u00f6hnliche Therapie mit der Fremden ein. Schon bald flammt in ihm die Hoffnung auf, Josy nach vielen Jahren doch noch zu finden.<\/p>\n\n\n\n<p><strong>Eine Serie zum Mitfiebern: Die Romanadaption \u201eDie Therapie\u201c zeigt in sechs Folgen die verzweifelte Suche nach einem verschwundenen Kind. F\u00fcr Kenner*innen des Buches und Thriller-Fans ein Pflichttermin im Herbst und ein Must-see auf Amazon Prime Video.<\/strong><\/p>\n\n\n\n<p><\/p>\n\n\n\n<p>\u00a9 Stylemagazine<\/p>\n","protected":false},"excerpt":{"rendered":"<p>Am heutigen Abend (23.10.23) pr\u00e4sentiert Amazon Prime seine neuste Serie von Sebastian Fitzek \u201eDie Therapie\u201c. Zur Premiere vom neuesten Roman \u201eDie Therapie\u201c von Sebastian Fitzek erschiene nicht nur der Bestseller Autor selbst sondern auch der Cast der TV-Serie. In einem kurzen Interview erz\u00e4hlte Sebastian Fitzek &hellip; <a href=\"https:\/\/stylemagazine-berlin.com\/?p=1030\" class=\"more-link\"><span>Continue reading<span class=\"screen-reader-text\">Sebastian Fitzek \u201eDie Therapie\u201c<\/span><\/span><\/a><\/p>\n","protected":false},"author":1,"featured_media":1031,"comment_status":"open","ping_status":"open","sticky":false,"template":"","format":"standard","meta":{"rop_custom_images_group":[],"rop_custom_messages_group":[],"rop_publish_now":"initial","rop_publish_now_accounts":[],"rop_publish_now_history":[],"rop_publish_now_status":"pending","_themeisle_gutenberg_block_has_review":false,"footnotes":""},"categories":[33],"tags":[287,286,8,283,281,66,280,285,284,277,278,279,275,282,288],"class_list":["post-1030","post","type-post","status-publish","format-standard","has-post-thumbnail","hentry","category-film","tag-amazon-prime","tag-andrea-osvart","tag-berlin","tag-bjarne-maedel","tag-emma-bading","tag-fashion","tag-helena-zengel","tag-jana-craemer","tag-jochen-schropp","tag-prime","tag-sebastian-fitzek","tag-stephan-kampwirth","tag-stylemagazine-berlin","tag-trystan-puetter","tag-zoo-palast"],"_links":{"self":[{"href":"https:\/\/stylemagazine-berlin.com\/index.php?rest_route=\/wp\/v2\/posts\/1030","targetHints":{"allow":["GET"]}}],"collection":[{"href":"https:\/\/stylemagazine-berlin.com\/index.php?rest_route=\/wp\/v2\/posts"}],"about":[{"href":"https:\/\/stylemagazine-berlin.com\/index.php?rest_route=\/wp\/v2\/types\/post"}],"author":[{"embeddable":true,"href":"https:\/\/stylemagazine-berlin.com\/index.php?rest_route=\/wp\/v2\/users\/1"}],"replies":[{"embeddable":true,"href":"https:\/\/stylemagazine-berlin.com\/index.php?rest_route=%2Fwp%2Fv2%2Fcomments&post=1030"}],"version-history":[{"count":2,"href":"https:\/\/stylemagazine-berlin.com\/index.php?rest_route=\/wp\/v2\/posts\/1030\/revisions"}],"predecessor-version":[{"id":1043,"href":"https:\/\/stylemagazine-berlin.com\/index.php?rest_route=\/wp\/v2\/posts\/1030\/revisions\/1043"}],"wp:featuredmedia":[{"embeddable":true,"href":"https:\/\/stylemagazine-berlin.com\/index.php?rest_route=\/wp\/v2\/media\/1031"}],"wp:attachment":[{"href":"https:\/\/stylemagazine-berlin.com\/index.php?rest_route=%2Fwp%2Fv2%2Fmedia&parent=1030"}],"wp:term":[{"taxonomy":"category","embeddable":true,"href":"https:\/\/stylemagazine-berlin.com\/index.php?rest_route=%2Fwp%2Fv2%2Fcategories&post=1030"},{"taxonomy":"post_tag","embeddable":true,"href":"https:\/\/stylemagazine-berlin.com\/index.php?rest_route=%2Fwp%2Fv2%2Ftags&post=1030"}],"curies":[{"name":"wp","href":"https:\/\/api.w.org\/{rel}","templated":true}]}}